{"id":9659,"date":"2022-01-05T16:11:26","date_gmt":"2022-01-05T15:11:26","guid":{"rendered":"https:\/\/school4life.org\/?p=9659"},"modified":"2024-04-11T11:54:30","modified_gmt":"2024-04-11T09:54:30","slug":"special-needs-school","status":"publish","type":"post","link":"https:\/\/school4life.org\/de\/special-needs-school\/","title":{"rendered":"CBSM Kimilili: Schule f\u00fcr Sonderp\u00e4dagogik"},"content":{"rendered":"<div data-elementor-type=\"wp-post\" data-elementor-id=\"9659\" class=\"elementor elementor-9659\" data-elementor-post-type=\"post\">\n\t\t\t\t\t\t<section class=\"elementor-section elementor-top-section elementor-element elementor-element-e115681 elementor-section-boxed elementor-section-height-default elementor-section-height-default\" data-id=\"e115681\" data-element_type=\"section\">\n\t\t\t\t\t\t<div class=\"elementor-container elementor-column-gap-default\">\n\t\t\t\t\t<div class=\"elementor-column elementor-col-100 elementor-top-column elementor-element elementor-element-c6f01ac\" data-id=\"c6f01ac\" data-element_type=\"column\">\n\t\t\t<div class=\"elementor-widget-wrap elementor-element-populated\">\n\t\t\t\t\t\t<div class=\"elementor-element elementor-element-dd48c97 elementor-widget elementor-widget-text-editor\" data-id=\"dd48c97\" data-element_type=\"widget\" data-widget_type=\"text-editor.default\">\n\t\t\t\t<div class=\"elementor-widget-container\">\n\t\t\t\t\t\t\t\t\t<p><span style=\"font-weight: 400;\">Wir freuen uns sehr \u00fcber den Abschluss unseres Projekts zur Verbesserung der Qualit\u00e4t der Bildung und der Ressourcen f\u00fcr Kinder mit besonderen Bed\u00fcrfnissen. Unsere Sonderschule im Bezirk Bungoma, die im Sommer 2016 er\u00f6ffnet wurde, ist ein Leuchtturm der Inklusion. Durch die Umwandlung eines der Klassenzimmer des Kindergartens in eine Abteilung f\u00fcr Kinder mit besonderen Bed\u00fcrfnissen haben wir ein f\u00f6rderliches und integratives Lernumfeld geschaffen.<\/span><\/p><p><span style=\"font-weight: 400;\">Um den unterschiedlichen Bed\u00fcrfnissen unserer Sch\u00fcler gerecht zu werden, haben wir die Schule mit rollstuhlgerechten Toiletten ausgestattet und zwei engagierte und speziell ausgebildete Lehrer eingestellt. Diese P\u00e4dagogen dienen als St\u00fctzen, um die geistige und k\u00f6rperliche Entwicklung unserer Kinder mit besonderen Bed\u00fcrfnissen zu f\u00f6rdern. Von Mathematik \u00fcber Sprache und Kommunikation, soziales Training bis hin zu kreativen \u00dcbungen, Umweltbewusstsein, Musik und Bewegung sowie Wahrnehmungsaktivit\u00e4ten sorgen unsere Lehrer f\u00fcr einen ganzheitlichen Ansatz in der Erziehung der Kinder. Dar\u00fcber hinaus vermitteln sie praktische Fertigkeiten wie Weben, N\u00e4hen, Schmuckherstellung, Modellieren, Zeichnen, Kochen, Frisieren, Pflegen, Haushaltsf\u00fchrung und Kinderbetreuung, um die Kinder auf ein eigenst\u00e4ndiges Leben vorzubereiten.<\/span><\/p><p><span style=\"font-weight: 400;\">Unsere Schule bietet nun 30 Kindern mit besonderen Bed\u00fcrfnissen eine individuelle Betreuung und Ausbildung, wobei das einzigartige Potenzial jedes Einzelnen ber\u00fccksichtigt wird. Der Bedarf an solchen spezialisierten Umgebungen ist gro\u00df, da sch\u00e4tzungsweise 20 % der Kinder in l\u00e4ndlichen Gemeinden mit Behinderungen und Problemen bei den sozialen F\u00e4higkeiten zu k\u00e4mpfen haben. Tragischerweise wurden viele dieser Kinder aufgrund kultureller Missverst\u00e4ndnisse versteckt. Tats\u00e4chlich gehen sch\u00e4tzungsweise 90 % der behinderten Kinder nicht zur Schule oder werden nicht sozial integriert.<\/span><\/p><p><span style=\"font-weight: 400;\">Durch unser abgeschlossenes Projekt haben wir nicht nur Barrieren abgebaut, sondern auch Kindern, die eine gleiche Chance auf Bildung und soziale Integration verdienen, Hoffnung und M\u00f6glichkeiten geboten. Gemeinsam haben wir ihr Leben nachhaltig beeinflusst und sie bef\u00e4higt, ihre F\u00e4higkeiten zu nutzen und in einer unterst\u00fctzenden Gemeinschaft zu gedeihen.<\/span><\/p>\t\t\t\t\t\t\t\t<\/div>\n\t\t\t\t<\/div>\n\t\t\t\t\t<\/div>\n\t\t<\/div>\n\t\t\t\t\t<\/div>\n\t\t<\/section>\n\t\t\t\t<\/div>","protected":false},"excerpt":{"rendered":"<p>Empowering children with special needs through inclusive education, personalized care, and holistic development.<\/p>","protected":false},"author":6,"featured_media":20406,"comment_status":"closed","ping_status":"open","sticky":false,"template":"","format":"standard","meta":{"footnotes":""},"categories":[286,284],"tags":[329],"class_list":["post-9659","post","type-post","status-publish","format-standard","has-post-thumbnail","hentry","category-completed","category-projects","tag-special-needs-school"],"jetpack_featured_media_url":"https:\/\/school4life.org\/wp-content\/uploads\/e02abc09-efbe-4023-b46a-fcbe17c99eba.jpeg","_links":{"self":[{"href":"https:\/\/school4life.org\/de\/wp-json\/wp\/v2\/posts\/9659","targetHints":{"allow":["GET"]}}],"collection":[{"href":"https:\/\/school4life.org\/de\/wp-json\/wp\/v2\/posts"}],"about":[{"href":"https:\/\/school4life.org\/de\/wp-json\/wp\/v2\/types\/post"}],"author":[{"embeddable":true,"href":"https:\/\/school4life.org\/de\/wp-json\/wp\/v2\/users\/6"}],"replies":[{"embeddable":true,"href":"https:\/\/school4life.org\/de\/wp-json\/wp\/v2\/comments?post=9659"}],"version-history":[{"count":30,"href":"https:\/\/school4life.org\/de\/wp-json\/wp\/v2\/posts\/9659\/revisions"}],"predecessor-version":[{"id":17276,"href":"https:\/\/school4life.org\/de\/wp-json\/wp\/v2\/posts\/9659\/revisions\/17276"}],"wp:featuredmedia":[{"embeddable":true,"href":"https:\/\/school4life.org\/de\/wp-json\/wp\/v2\/media\/20406"}],"wp:attachment":[{"href":"https:\/\/school4life.org\/de\/wp-json\/wp\/v2\/media?parent=9659"}],"wp:term":[{"taxonomy":"category","embeddable":true,"href":"https:\/\/school4life.org\/de\/wp-json\/wp\/v2\/categories?post=9659"},{"taxonomy":"post_tag","embeddable":true,"href":"https:\/\/school4life.org\/de\/wp-json\/wp\/v2\/tags?post=9659"}],"curies":[{"name":"wp","href":"https:\/\/api.w.org\/{rel}","templated":true}]}}